{"id":1992,"date":"2018-05-04T14:00:18","date_gmt":"2018-05-04T13:00:18","guid":{"rendered":"http:\/\/www.circolopdgorizia.it\/?p=1992"},"modified":"2019-01-04T12:08:58","modified_gmt":"2019-01-04T11:08:58","slug":"fusione-mancata-e-il-flop-del-fai-da-te","status":"publish","type":"post","link":"https:\/\/www.circolopdgorizia.it\/?p=1992","title":{"rendered":"\u00abFusione mancata? \u00c8 il flop del fai da te\u00bb"},"content":{"rendered":"<p><em>Pubblichiamo l&#8217;articolo di oggi sul tema della fusione SDAG-Aeroporto-Consorzio Industriale\u00a0(Il Piccolo, di Marco Bisiach).<\/em><\/p>\n<div id=\"windowArticle\" class=\"marsWindow\">\n<div class=\"marsWindowBox\">\n<div class=\"marsWindowContent\">\n<div class=\"marsWindowContainer\">\n<div id=\"articleBox\">\n<div id=\"articleContent\" class=\"mercuryWrapper\">\n<div class=\"mercuryScroller\">\n<div class=\"mercuryElement\">\n<div class=\"mercuryBox\">\n<div id=\"articlePlain\">\n<div class=\"articlePlainText\">L&#8217;unica vera scelta razionale e funzionale \u00e8 quella di costituire un unico consorzio industriale dell&#8217;Isontino\u00bb. Ne \u00e8 convinto il consigliere regionale del Pd Diego Moretti (in foto), che interviene sul caso del parere contrario dell&#8217;Enac alla creazione del consorzio tutto goriziano criticando il \u00abdilettantismo amministrativo e politico del duo Romoli-Pettarin, i quali, prima di chiedere al Consiglio regionale la modifica normativa alla LR 3\/2015 poi introdotta con la LR 21\/2017, non hanno avuto nemmeno l&#8217;accortezza di verificare con l&#8217;Enac la fattibilit\u00e0 tecnico-giuridica della modifica\u00bb. \u00abL&#8217;unica scelta possibile \u00e8 allora quella del consorzio dell&#8217;Isontino, che il Comune di Gorizia non ha mai voluto perseguire &#8211; prosegue Moretti -. Una proposta che il centrosinistra fece gi\u00e0 ai primi anni Duemila, e che il centrodestra goriziano ha sempre respinto, dimostrando bieca miopia politica e amministrativa. Che questa sia la volta buona per un unico consorzio? Lo spero, ma non ne sono sicuro: in ogni caso, meglio tardi che mai\u00bb. di Marco Bisiach\u00abLa fusione doveva diventare, nelle intenzioni dell&#8217;amministrazione comunale, lo strumento di rilancio dell&#8217;economia goriziana. Nella realt\u00e0 dei fatti si sta rivelando, invece, l&#8217;ennesimo flop di una politica dell&#8217;improvvisazione e del &#8220;fai da te&#8221; che accompagna la citt\u00e0 in un inesorabile declino\u00bb. Il centrosinistra in Consiglio comunale attacca compatto, attraverso le parole di Roberto Collini, sulla questione del tramonto della fusione tra la societ\u00e0 di gestione dell&#8217;aeroporto Duca d&#8217;Aosta, la Sdag e il Consorzio industriale, sancito dal parere negativo sull&#8217;operazione espresso dall&#8217;Enac. Dai banchi dell&#8217;opposizione ricordano di aver pi\u00f9 volte in passato avanzato dei dubbi sulla scelta strategica condotta dalla giunta Romoli, prima, e portata avanti poi da quella Ziberna, e parlano di una gestione non trasparente dell&#8217;intera questione. Il casting per la nuova serie della Corrida, la trasmissione dei &#8220;dilettanti allo sbaraglio&#8221; , \u00e8 quasi completato &#8211; punge Collini, in una nota condivisa di Percorsi Goriziani, Pd, Cento Sogni-Ssk e Gorizia \u00e8 tua &#8211; Ma prepariamoci, serenamente, a qualche sorpresa perch\u00e9 le maldestre pensate del centrodestra goriziano, nel ricercare soluzioni ad una crisi pi\u00f9 evidente che mai, non si sono certamente esaurite. \u00c8 l&#8217;ironico e amaro commento che sorge di fronte alla notizia della bocciatura da parte dell&#8217;Enac del progetto di fusione della Consortile per l&#8217;aeroporto Duca d&#8217;Aosta con la Sdag e il Consorzio zona industriale. Un progetto dai contorni, ma anche dai contenuti, sempre fumosi, che i vertici di queste realt\u00e0, sotto la regia delle amministrazioni comunali non hanno mai reso trasparente come da noi richiesto in Consiglio\u00bb. Valutazioni alle quali si accoda il capogruppo del Partito democratico Marco Rossi. Ricordando la gestione \u00abpressapochista\u00bb di un&#8217;amministrazione che fino a poche settimane fa parlava di una fusione a tre ormai assodata, e guardando alle occasioni perse pure sul fronte occupazionale. \u00ab<strong>I presupposti giuridici dell&#8217;operazione andavano verificati e chiariti per tempo &#8211; dice Rossi -. Quel che pi\u00f9 spaventa \u00e8 che, quando nei mesi scorsi dai banchi dell&#8217;opposizione lamentavamo la necessit\u00e0 di individuare un percorso di sviluppo e crescita aziendale per le realt\u00e0 coinvolte, e in particolare la Sdag, con l&#8217;obiettivo di creare, in definitiva, nuovi posti di lavoro, ci veniva risposto che l&#8217;orizzonte immediato era la fusione e non serviva pensare ad altro. Il castello di carte \u00e8 crollato, ma fino a ieri rappresentava l&#8217;unico orizzonte entro il quale l&#8217;amministrazione si muoveva, nonostante i ripetuti richiami dell&#8217;opposizione a non mancare di individuare, in contemporanea, anche nuove occasioni per far crescere l&#8217;attivit\u00e0 delle societ\u00e0 coinvolte. Se pensiamo a quanti posti di lavoro si potrebbero potenzialmente creare, \u00e8 tanto pi\u00f9 grave il tempo perso<\/strong>\u00bb.<\/div>\n<div class=\"articlePlainText\"><\/div>\n<\/div>\n<\/div>\n<\/div>\n<\/div>\n<\/div>\n<\/div>\n<\/div>\n<\/div>\n<\/div>\n<\/div>\n","protected":false},"excerpt":{"rendered":"<p>Pubblichiamo l&#8217;articolo di oggi sul tema della fusione SDAG-Aeroporto-Consorzio Industriale\u00a0(Il Piccolo, di Marco Bisiach). L&#8217;unica vera scelta razionale e funzionale \u00e8 quella di costituire un unico consorzio industriale dell&#8217;Isontino\u00bb. Ne \u00e8 convinto il consigliere regionale&#8230;<\/p>\n","protected":false},"author":1,"featured_media":1993,"comment_status":"open","ping_status":"open","sticky":true,"template":"","format":"standard","meta":[],"categories":[322,1],"tags":[],"yoast_head":"<!-- This site is optimized with the Yoast SEO plugin v14.0.4 - https:\/\/yoast.com\/wordpress\/plugins\/seo\/ -->\n<title>\u00abFusione mancata? \u00c8 il flop del fai da te\u00bb - Partito Democratico Gorizia e San Floriano<\/title>\n<meta name=\"robots\" content=\"index, follow\" \/>\n<meta name=\"googlebot\" content=\"index, follow, max-snippet:-1, max-image-preview:large, max-video-preview:-1\" \/>\n<meta name=\"bingbot\" content=\"index, follow, max-snippet:-1, max-image-preview:large, max-video-preview:-1\" \/>\n<link rel=\"canonical\" href=\"http:\/\/www.circolopdgorizia.it\/?p=1992\" \/>\n<meta property=\"og:locale\" content=\"it_IT\" \/>\n<meta property=\"og:type\" content=\"article\" \/>\n<meta property=\"og:title\" content=\"\u00abFusione mancata? \u00c8 il flop del fai da te\u00bb - Partito Democratico Gorizia e San Floriano\" \/>\n<meta property=\"og:description\" content=\"Pubblichiamo l&#8217;articolo di oggi sul tema della fusione SDAG-Aeroporto-Consorzio Industriale\u00a0(Il Piccolo, di Marco Bisiach). L&#8217;unica vera scelta razionale e funzionale \u00e8 quella di costituire un unico consorzio industriale dell&#8217;Isontino\u00bb. Ne \u00e8 convinto il consigliere regionale...\" \/>\n<meta property=\"og:url\" content=\"http:\/\/www.circolopdgorizia.it\/?p=1992\" \/>\n<meta property=\"og:site_name\" content=\"Partito Democratico Gorizia e San Floriano\" \/>\n<meta property=\"article:published_time\" content=\"2018-05-04T13:00:18+00:00\" \/>\n<meta property=\"article:modified_time\" content=\"2019-01-04T11:08:58+00:00\" \/>\n<meta property=\"og:image\" content=\"http:\/\/www.circolopdgorizia.it\/wp-content\/uploads\/2018\/05\/get_clip.jpg\" \/>\n\t<meta property=\"og:image:width\" content=\"1341\" \/>\n\t<meta property=\"og:image:height\" content=\"860\" \/>\n<meta name=\"twitter:card\" content=\"summary_large_image\" \/>\n<script type=\"application\/ld+json\" class=\"yoast-schema-graph\">{\"@context\":\"https:\/\/schema.org\",\"@graph\":[{\"@type\":\"WebSite\",\"@id\":\"https:\/\/www.circolopdgorizia.it\/#website\",\"url\":\"https:\/\/www.circolopdgorizia.it\/\",\"name\":\"Partito Democratico Gorizia e San Floriano\",\"description\":\"pdgorizia@gmail.com - sede: Viale D&#039;Annunzio 15, Gorizia\",\"potentialAction\":[{\"@type\":\"SearchAction\",\"target\":\"https:\/\/www.circolopdgorizia.it\/?s={search_term_string}\",\"query-input\":\"required name=search_term_string\"}],\"inLanguage\":\"it-IT\"},{\"@type\":\"ImageObject\",\"@id\":\"http:\/\/www.circolopdgorizia.it\/?p=1992#primaryimage\",\"inLanguage\":\"it-IT\",\"url\":\"https:\/\/www.circolopdgorizia.it\/wp-content\/uploads\/2018\/05\/get_clip.jpg\",\"width\":1341,\"height\":860},{\"@type\":\"WebPage\",\"@id\":\"http:\/\/www.circolopdgorizia.it\/?p=1992#webpage\",\"url\":\"http:\/\/www.circolopdgorizia.it\/?p=1992\",\"name\":\"\\u00abFusione mancata? \\u00c8 il flop del fai da te\\u00bb - Partito Democratico Gorizia e San Floriano\",\"isPartOf\":{\"@id\":\"https:\/\/www.circolopdgorizia.it\/#website\"},\"primaryImageOfPage\":{\"@id\":\"http:\/\/www.circolopdgorizia.it\/?p=1992#primaryimage\"},\"datePublished\":\"2018-05-04T13:00:18+00:00\",\"dateModified\":\"2019-01-04T11:08:58+00:00\",\"author\":{\"@id\":\"https:\/\/www.circolopdgorizia.it\/#\/schema\/person\/952b94662d66c7973144899a5d7544be\"},\"inLanguage\":\"it-IT\",\"potentialAction\":[{\"@type\":\"ReadAction\",\"target\":[\"http:\/\/www.circolopdgorizia.it\/?p=1992\"]}]},{\"@type\":[\"Person\"],\"@id\":\"https:\/\/www.circolopdgorizia.it\/#\/schema\/person\/952b94662d66c7973144899a5d7544be\",\"name\":\"admin\"}]}<\/script>\n<!-- \/ Yoast SEO plugin. -->","_links":{"self":[{"href":"https:\/\/www.circolopdgorizia.it\/index.php?rest_route=\/wp\/v2\/posts\/1992"}],"collection":[{"href":"https:\/\/www.circolopdgorizia.it\/index.php?rest_route=\/wp\/v2\/posts"}],"about":[{"href":"https:\/\/www.circolopdgorizia.it\/index.php?rest_route=\/wp\/v2\/types\/post"}],"author":[{"embeddable":true,"href":"https:\/\/www.circolopdgorizia.it\/index.php?rest_route=\/wp\/v2\/users\/1"}],"replies":[{"embeddable":true,"href":"https:\/\/www.circolopdgorizia.it\/index.php?rest_route=%2Fwp%2Fv2%2Fcomments&post=1992"}],"version-history":[{"count":1,"href":"https:\/\/www.circolopdgorizia.it\/index.php?rest_route=\/wp\/v2\/posts\/1992\/revisions"}],"predecessor-version":[{"id":1994,"href":"https:\/\/www.circolopdgorizia.it\/index.php?rest_route=\/wp\/v2\/posts\/1992\/revisions\/1994"}],"wp:featuredmedia":[{"embeddable":true,"href":"https:\/\/www.circolopdgorizia.it\/index.php?rest_route=\/wp\/v2\/media\/1993"}],"wp:attachment":[{"href":"https:\/\/www.circolopdgorizia.it\/index.php?rest_route=%2Fwp%2Fv2%2Fmedia&parent=1992"}],"wp:term":[{"taxonomy":"category","embeddable":true,"href":"https:\/\/www.circolopdgorizia.it\/index.php?rest_route=%2Fwp%2Fv2%2Fcategories&post=1992"},{"taxonomy":"post_tag","embeddable":true,"href":"https:\/\/www.circolopdgorizia.it\/index.php?rest_route=%2Fwp%2Fv2%2Ftags&post=1992"}],"curies":[{"name":"wp","href":"https:\/\/api.w.org\/{rel}","templated":true}]}}