{"id":2008,"date":"2018-05-07T16:35:36","date_gmt":"2018-05-07T15:35:36","guid":{"rendered":"http:\/\/www.circolopdgorizia.it\/?p=2008"},"modified":"2019-01-04T12:03:00","modified_gmt":"2019-01-04T11:03:00","slug":"odg-del-pd-niente-privati-nella-societa","status":"publish","type":"post","link":"https:\/\/www.circolopdgorizia.it\/?p=2008","title":{"rendered":"Odg del Pd: \u00abNiente privati nella societ\u00e0\u00bb"},"content":{"rendered":"<p><em>Ecco l&#8217;articolo di ieri con alcune osservazioni di Marco Rossi sul tema dell&#8217;Apt pubblica (l&#8217;articolo \u00e8 tratto dal giornale Il Piccolo, scritto da Francesco Fain).<\/em><\/p>\n<hr \/>\n<p>C&#8217;\u00e8 un altro elemento. Assolutamente non secondario. L&#8217;Apt rester\u00e0 pubblica. Merito del capogruppo Pd Marco Rossi che, in una seduta del Consiglio comunale di qualche tempo fa, ha presentato un ordine del giorno firmato dal resto dell&#8217;opposizione e fatto proprio dal sindaco in cui si impegna il Comune a \u00abmantenere in mano pubblica\u00bb le quote dell&#8217;azienda che gestisce il trasporto pubblico locale e urbano. Un risultato che il Pd saluta con soddisfazione tenuto anche conto dell&#8217;ampia convergenza che la proposta ha ricevuto in aula. Il Consiglio comunale era, infatti, chiamato a approvare l&#8217;acquisizione a titolo gratuito delle quote dell&#8217;Apt, il 51% complessivamente, prima di propriet\u00e0 della Provincia e che, nell&#8217;ambito del piano di liquidazione della ex Provincia, erano finite alla Regione: la quale le ha &#8220;girate&#8221;, appunto, ai Comuni. A titolo gratuito.A conti fatti, il Comune di Gorizia diventa cos\u00ec proprietario del 12,8% delle azioni Apt ma, unitamente tutti i Comuni isontini che si dividono per quota proporzionale le azioni, saranno ora tutti insieme i principali azionisti di Apt cos\u00ec come prima avveniva per la Provincia.L&#8217;ordine del giorno accolto ha consentito di fare un passo avanti ulteriore perch\u00e9 ha &#8220;blindato&#8221; la propriet\u00e0 pubblica dell&#8217;azienda, impegnando il Comune a non cedere le azioni ai privati.\u00abLa discussione mise in evidenza &#8211; ricorda Rossi &#8211; la preoccupazione di tutti circa la possibilit\u00e0 di &#8220;scalate&#8221; ostili da parte di soggetti privati: un fatto tanto pi\u00f9 rilevante alla luce di quanto avvenuto a Pordenone con l&#8217;Atap. Il nostro intendimento \u00e8 che il servizio pubblico resti tale: il trasporto pubblico ha necessit\u00e0 di una regia, appunto, pubblica che permetta di venire incontro in maniera efficace e rapida alle esigenze dei cittadini. Anzi, semmai si tratta di migliorare e potenziare il servizio in chiave transfrontaliera e nei confronti dei comuni vicini. Peraltro se alle quote ex Provincia aggiungiamo quelle dell&#8217;Iris a sua volta partecipata dai Comuni, si pu\u00f2 dire che i Comuni controllino circa il 70% dell&#8217;azionariato. Non escluderei a questo punto che si possa arrivare ad una societ\u00e0 interamente pubblica\u00bb.<\/p>\n<p>Fonte: ilpiccolo.geolocal.it | Autore: Francesco Fain (06 maggio 2018)<\/p>\n","protected":false},"excerpt":{"rendered":"<p>Ecco l&#8217;articolo di ieri con alcune osservazioni di Marco Rossi sul tema dell&#8217;Apt pubblica (l&#8217;articolo \u00e8 tratto dal giornale Il Piccolo, scritto da Francesco Fain). C&#8217;\u00e8 un altro elemento. Assolutamente non secondario. L&#8217;Apt rester\u00e0 pubblica&#8230;.<\/p>\n","protected":false},"author":1,"featured_media":2009,"comment_status":"open","ping_status":"open","sticky":true,"template":"","format":"standard","meta":[],"categories":[322],"tags":[224],"yoast_head":"<!-- This site is optimized with the Yoast SEO plugin v14.0.4 - https:\/\/yoast.com\/wordpress\/plugins\/seo\/ -->\n<title>Odg del Pd: \u00abNiente privati nella societ\u00e0\u00bb - Partito Democratico Gorizia e San Floriano<\/title>\n<meta name=\"robots\" content=\"index, follow\" \/>\n<meta name=\"googlebot\" content=\"index, follow, max-snippet:-1, max-image-preview:large, max-video-preview:-1\" \/>\n<meta name=\"bingbot\" content=\"index, follow, max-snippet:-1, max-image-preview:large, max-video-preview:-1\" \/>\n<link rel=\"canonical\" href=\"http:\/\/www.circolopdgorizia.it\/?p=2008\" \/>\n<meta property=\"og:locale\" content=\"it_IT\" \/>\n<meta property=\"og:type\" content=\"article\" \/>\n<meta property=\"og:title\" content=\"Odg del Pd: \u00abNiente privati nella societ\u00e0\u00bb - Partito Democratico Gorizia e San Floriano\" \/>\n<meta property=\"og:description\" content=\"Ecco l&#8217;articolo di ieri con alcune osservazioni di Marco Rossi sul tema dell&#8217;Apt pubblica (l&#8217;articolo \u00e8 tratto dal giornale Il Piccolo, scritto da Francesco Fain). C&#8217;\u00e8 un altro elemento. Assolutamente non secondario. L&#8217;Apt rester\u00e0 pubblica....\" \/>\n<meta property=\"og:url\" content=\"http:\/\/www.circolopdgorizia.it\/?p=2008\" \/>\n<meta property=\"og:site_name\" content=\"Partito Democratico Gorizia e San Floriano\" \/>\n<meta property=\"article:published_time\" content=\"2018-05-07T15:35:36+00:00\" \/>\n<meta property=\"article:modified_time\" content=\"2019-01-04T11:03:00+00:00\" \/>\n<meta property=\"og:image\" content=\"http:\/\/www.circolopdgorizia.it\/wp-content\/uploads\/2018\/05\/apt.jpg\" \/>\n\t<meta property=\"og:image:width\" content=\"753\" \/>\n\t<meta property=\"og:image:height\" content=\"594\" \/>\n<meta name=\"twitter:card\" content=\"summary_large_image\" \/>\n<script type=\"application\/ld+json\" class=\"yoast-schema-graph\">{\"@context\":\"https:\/\/schema.org\",\"@graph\":[{\"@type\":\"WebSite\",\"@id\":\"https:\/\/www.circolopdgorizia.it\/#website\",\"url\":\"https:\/\/www.circolopdgorizia.it\/\",\"name\":\"Partito Democratico Gorizia e San Floriano\",\"description\":\"pdgorizia@gmail.com - sede: Viale D&#039;Annunzio 15, Gorizia\",\"potentialAction\":[{\"@type\":\"SearchAction\",\"target\":\"https:\/\/www.circolopdgorizia.it\/?s={search_term_string}\",\"query-input\":\"required name=search_term_string\"}],\"inLanguage\":\"it-IT\"},{\"@type\":\"ImageObject\",\"@id\":\"http:\/\/www.circolopdgorizia.it\/?p=2008#primaryimage\",\"inLanguage\":\"it-IT\",\"url\":\"https:\/\/www.circolopdgorizia.it\/wp-content\/uploads\/2018\/05\/apt.jpg\",\"width\":753,\"height\":594},{\"@type\":\"WebPage\",\"@id\":\"http:\/\/www.circolopdgorizia.it\/?p=2008#webpage\",\"url\":\"http:\/\/www.circolopdgorizia.it\/?p=2008\",\"name\":\"Odg del Pd: \\u00abNiente privati nella societ\\u00e0\\u00bb - Partito Democratico Gorizia e San Floriano\",\"isPartOf\":{\"@id\":\"https:\/\/www.circolopdgorizia.it\/#website\"},\"primaryImageOfPage\":{\"@id\":\"http:\/\/www.circolopdgorizia.it\/?p=2008#primaryimage\"},\"datePublished\":\"2018-05-07T15:35:36+00:00\",\"dateModified\":\"2019-01-04T11:03:00+00:00\",\"author\":{\"@id\":\"https:\/\/www.circolopdgorizia.it\/#\/schema\/person\/952b94662d66c7973144899a5d7544be\"},\"inLanguage\":\"it-IT\",\"potentialAction\":[{\"@type\":\"ReadAction\",\"target\":[\"http:\/\/www.circolopdgorizia.it\/?p=2008\"]}]},{\"@type\":[\"Person\"],\"@id\":\"https:\/\/www.circolopdgorizia.it\/#\/schema\/person\/952b94662d66c7973144899a5d7544be\",\"name\":\"admin\"}]}<\/script>\n<!-- \/ Yoast SEO plugin. -->","_links":{"self":[{"href":"https:\/\/www.circolopdgorizia.it\/index.php?rest_route=\/wp\/v2\/posts\/2008"}],"collection":[{"href":"https:\/\/www.circolopdgorizia.it\/index.php?rest_route=\/wp\/v2\/posts"}],"about":[{"href":"https:\/\/www.circolopdgorizia.it\/index.php?rest_route=\/wp\/v2\/types\/post"}],"author":[{"embeddable":true,"href":"https:\/\/www.circolopdgorizia.it\/index.php?rest_route=\/wp\/v2\/users\/1"}],"replies":[{"embeddable":true,"href":"https:\/\/www.circolopdgorizia.it\/index.php?rest_route=%2Fwp%2Fv2%2Fcomments&post=2008"}],"version-history":[{"count":1,"href":"https:\/\/www.circolopdgorizia.it\/index.php?rest_route=\/wp\/v2\/posts\/2008\/revisions"}],"predecessor-version":[{"id":2010,"href":"https:\/\/www.circolopdgorizia.it\/index.php?rest_route=\/wp\/v2\/posts\/2008\/revisions\/2010"}],"wp:featuredmedia":[{"embeddable":true,"href":"https:\/\/www.circolopdgorizia.it\/index.php?rest_route=\/wp\/v2\/media\/2009"}],"wp:attachment":[{"href":"https:\/\/www.circolopdgorizia.it\/index.php?rest_route=%2Fwp%2Fv2%2Fmedia&parent=2008"}],"wp:term":[{"taxonomy":"category","embeddable":true,"href":"https:\/\/www.circolopdgorizia.it\/index.php?rest_route=%2Fwp%2Fv2%2Fcategories&post=2008"},{"taxonomy":"post_tag","embeddable":true,"href":"https:\/\/www.circolopdgorizia.it\/index.php?rest_route=%2Fwp%2Fv2%2Ftags&post=2008"}],"curies":[{"name":"wp","href":"https:\/\/api.w.org\/{rel}","templated":true}]}}