{"id":2036,"date":"2018-09-05T18:08:02","date_gmt":"2018-09-05T17:08:02","guid":{"rendered":"http:\/\/www.circolopdgorizia.it\/?p=2036"},"modified":"2019-01-04T11:46:46","modified_gmt":"2019-01-04T10:46:46","slug":"isonzo-beach-e-centraline-idroelettriche-pd-regione-in-stato-confusionale","status":"publish","type":"post","link":"https:\/\/www.circolopdgorizia.it\/?p=2036","title":{"rendered":"Isonzo Beach e centraline idroelettriche. PD: &#8220;Regione in stato confusionale&#8221;"},"content":{"rendered":"<p><em>dal quotidiano IL PICCOLO di marted\u00ec 4 settembre:<\/em><br \/>\nFrancesco Fain &#8211; \u00abSembra il gioco delle tre carte\u00bb. Usa l&#8217;arma tagliente dell&#8217;ironia Marco Rossi, capogruppo del Partito democratico in Consiglio comunale. Ha letto con grande attenzione dell&#8217;incontro che il sindaco Ziberna ha avuto, nei giorni scorsi, con l&#8217;assessore regionale Zilli, la quale ha dato la sua &#8220;benedizione&#8221; alla realizzazione di una spiaggetta con sdraio e ombrelloni sull&#8217;Isonzo, nell&#8217;area del parco di Piuma. Bella idea, peccato che la stessa amministrazione regionale abbia anche dato anche il via libera alla realizzazione delle centraline elettriche sul fiume. Due progetti che, a detta di Rossi, non vanno certamente d&#8217;accordo l&#8217;uno con l&#8217;altro. Ed \u00e8 su questo punto che l&#8217;esponente del Pd mette il dito &#8220;nella piaga&#8221;. \u00abApprendiamo dell&#8217;incontro in cui l&#8217;assessore regionale alle Finanze e al Patrimonio &#8220;apre&#8221; sulla Isonzo Beach. Ma, allo stesso tempo, il 27 luglio scorso, la Regione con la delibera di giunta contrassegnata dal numero 1.482 ha dato parere favorevole alla centralina idroelettrica a Piuma. Sarebbe una barzelletta, ma purtroppo \u00e8 tutto vero\u00bb. Marco Rossi entra nel dettaglio e spiega i motivi della sua incredulit\u00e0. \u00abPare obiettivamente difficile pensare di conciliare l&#8217;utilizzo del nostro fiume come luogo di svago, ristoro e turismo, con la realizzazione dell&#8217;ennesima sequela di manufatti che lo interpretano in chiave esclusivamente industriale! L&#8217;obiettivo di un recupero del fiume ad una sua pi\u00f9 piena fruizione da parte dei cittadini, e perch\u00e9 no da parte dei turisti, credo sia largamente condiviso nella societ\u00e0: in quella direzione, poi, si muove il progetto transfrontaliero del Parco dell&#8217;Isonzo promosso dal Gruppo europeo di cooperazione territoriale (Gect) e, evidentemente, anche la stessa amministrazione comunale. Ma \u00e8 chiaro che risulta difficile pensare che si investa sul fiume e, cento metri a valle, venga realizzata una centralina idroelettrica con il suo canale di carico e il suo edificio di servizio. Capisco che la creativit\u00e0 non ha limiti, per\u00f2&#8230;\u00bb. L&#8217;esponente del Pd parla di \u00abidee confuse\u00bb da parte dell&#8217;amministrazione Fedriga se la mano destra non sa quello che fa la sinistra. \u00abLa Regione, dunque, \u00e8 il caso che si chiarisca le idee e che il Comune, peraltro, esiga da tutti i livelli amministrativi coinvolti la condivisione della visione del fiume. Le foto di rito in sala bianca con l&#8217;assessore regionale non significano molto, ahim\u00e9. Il testo della delibera numero 1.482, similmente a quello della 1.481 che ha dato parere favorevole alla centralina a Piedimonte, riporta in sintesi le dettagliate osservazioni proposte dal Comune di Gorizia che, sollecitato anche dai consiglieri comunali in occasione delle Commissioni Urbanistica e Ambiente riunitesi a fine maggio, si era correttamente attivato in tal senso con preciso ed efficace lavoro degli uffici. La Regione, ha deciso sostanzialmente di procedere comunque e ora il richiedente privato, se riterr\u00e0, potr\u00e0 avviare la procedura autorizzativa vera e propria. C&#8217;\u00e8 da chiedersi se ci si avvarr\u00e0 della possibilit\u00e0 di ricorso al tribunale delle acque pubbliche (da noi evidenziato, per provvedimenti analoghi, gi\u00e0 a maggio) che dev&#8217;essere fatto entro 60 giorni dalla pubblicazione dell&#8217;atto, dunque ormai entro circa 30 giorni\u00bb. \u00abCi consoliamo del fatto che la delibera prevede che &#8220;dovr\u00e0 essere garantita l&#8217;accessibilit\u00e0 delle sponde del fiume con finalit\u00e0 di ricreare un punto panoramico, nel rispetto della sicurezza dell&#8217;impianto&#8221; (punto 6 delle prescrizioni): vista privilegiata su centralina idroelettrica&#8230;\u00bb.<\/p>\n","protected":false},"excerpt":{"rendered":"<p>dal quotidiano IL PICCOLO di marted\u00ec 4 settembre: Francesco Fain &#8211; \u00abSembra il gioco delle tre carte\u00bb. Usa l&#8217;arma tagliente dell&#8217;ironia Marco Rossi, capogruppo del Partito democratico in Consiglio comunale. Ha letto con grande attenzione&#8230;<\/p>\n","protected":false},"author":1,"featured_media":0,"comment_status":"open","ping_status":"open","sticky":true,"template":"","format":"standard","meta":[],"categories":[322],"tags":[259],"yoast_head":"<!-- This site is optimized with the Yoast SEO plugin v14.0.4 - https:\/\/yoast.com\/wordpress\/plugins\/seo\/ -->\n<title>Isonzo Beach e centraline idroelettriche. PD: &quot;Regione in stato confusionale&quot; - Partito Democratico Gorizia e San Floriano<\/title>\n<meta name=\"robots\" content=\"index, follow\" \/>\n<meta name=\"googlebot\" content=\"index, follow, max-snippet:-1, max-image-preview:large, max-video-preview:-1\" \/>\n<meta name=\"bingbot\" content=\"index, follow, max-snippet:-1, max-image-preview:large, max-video-preview:-1\" \/>\n<link rel=\"canonical\" href=\"http:\/\/www.circolopdgorizia.it\/?p=2036\" \/>\n<meta property=\"og:locale\" content=\"it_IT\" \/>\n<meta property=\"og:type\" content=\"article\" \/>\n<meta property=\"og:title\" content=\"Isonzo Beach e centraline idroelettriche. PD: &quot;Regione in stato confusionale&quot; - Partito Democratico Gorizia e San Floriano\" \/>\n<meta property=\"og:description\" content=\"dal quotidiano IL PICCOLO di marted\u00ec 4 settembre: Francesco Fain &#8211; \u00abSembra il gioco delle tre carte\u00bb. Usa l&#8217;arma tagliente dell&#8217;ironia Marco Rossi, capogruppo del Partito democratico in Consiglio comunale. Ha letto con grande attenzione...\" \/>\n<meta property=\"og:url\" content=\"http:\/\/www.circolopdgorizia.it\/?p=2036\" \/>\n<meta property=\"og:site_name\" content=\"Partito Democratico Gorizia e San Floriano\" \/>\n<meta property=\"article:published_time\" content=\"2018-09-05T17:08:02+00:00\" \/>\n<meta property=\"article:modified_time\" content=\"2019-01-04T10:46:46+00:00\" \/>\n<meta name=\"twitter:card\" content=\"summary_large_image\" \/>\n<script type=\"application\/ld+json\" class=\"yoast-schema-graph\">{\"@context\":\"https:\/\/schema.org\",\"@graph\":[{\"@type\":\"WebSite\",\"@id\":\"https:\/\/www.circolopdgorizia.it\/#website\",\"url\":\"https:\/\/www.circolopdgorizia.it\/\",\"name\":\"Partito Democratico Gorizia e San Floriano\",\"description\":\"pdgorizia@gmail.com - sede: Viale D&#039;Annunzio 15, Gorizia\",\"potentialAction\":[{\"@type\":\"SearchAction\",\"target\":\"https:\/\/www.circolopdgorizia.it\/?s={search_term_string}\",\"query-input\":\"required name=search_term_string\"}],\"inLanguage\":\"it-IT\"},{\"@type\":\"WebPage\",\"@id\":\"http:\/\/www.circolopdgorizia.it\/?p=2036#webpage\",\"url\":\"http:\/\/www.circolopdgorizia.it\/?p=2036\",\"name\":\"Isonzo Beach e centraline idroelettriche. PD: \\\"Regione in stato confusionale\\\" - Partito Democratico Gorizia e San Floriano\",\"isPartOf\":{\"@id\":\"https:\/\/www.circolopdgorizia.it\/#website\"},\"datePublished\":\"2018-09-05T17:08:02+00:00\",\"dateModified\":\"2019-01-04T10:46:46+00:00\",\"author\":{\"@id\":\"https:\/\/www.circolopdgorizia.it\/#\/schema\/person\/952b94662d66c7973144899a5d7544be\"},\"inLanguage\":\"it-IT\",\"potentialAction\":[{\"@type\":\"ReadAction\",\"target\":[\"http:\/\/www.circolopdgorizia.it\/?p=2036\"]}]},{\"@type\":[\"Person\"],\"@id\":\"https:\/\/www.circolopdgorizia.it\/#\/schema\/person\/952b94662d66c7973144899a5d7544be\",\"name\":\"admin\"}]}<\/script>\n<!-- \/ Yoast SEO plugin. -->","_links":{"self":[{"href":"https:\/\/www.circolopdgorizia.it\/index.php?rest_route=\/wp\/v2\/posts\/2036"}],"collection":[{"href":"https:\/\/www.circolopdgorizia.it\/index.php?rest_route=\/wp\/v2\/posts"}],"about":[{"href":"https:\/\/www.circolopdgorizia.it\/index.php?rest_route=\/wp\/v2\/types\/post"}],"author":[{"embeddable":true,"href":"https:\/\/www.circolopdgorizia.it\/index.php?rest_route=\/wp\/v2\/users\/1"}],"replies":[{"embeddable":true,"href":"https:\/\/www.circolopdgorizia.it\/index.php?rest_route=%2Fwp%2Fv2%2Fcomments&post=2036"}],"version-history":[{"count":1,"href":"https:\/\/www.circolopdgorizia.it\/index.php?rest_route=\/wp\/v2\/posts\/2036\/revisions"}],"predecessor-version":[{"id":2037,"href":"https:\/\/www.circolopdgorizia.it\/index.php?rest_route=\/wp\/v2\/posts\/2036\/revisions\/2037"}],"wp:attachment":[{"href":"https:\/\/www.circolopdgorizia.it\/index.php?rest_route=%2Fwp%2Fv2%2Fmedia&parent=2036"}],"wp:term":[{"taxonomy":"category","embeddable":true,"href":"https:\/\/www.circolopdgorizia.it\/index.php?rest_route=%2Fwp%2Fv2%2Fcategories&post=2036"},{"taxonomy":"post_tag","embeddable":true,"href":"https:\/\/www.circolopdgorizia.it\/index.php?rest_route=%2Fwp%2Fv2%2Ftags&post=2036"}],"curies":[{"name":"wp","href":"https:\/\/api.w.org\/{rel}","templated":true}]}}