{"id":2038,"date":"2018-06-08T09:10:27","date_gmt":"2018-06-08T08:10:27","guid":{"rendered":"http:\/\/www.circolopdgorizia.it\/?p=2038"},"modified":"2019-01-04T12:01:40","modified_gmt":"2019-01-04T11:01:40","slug":"aeroporto-duca-daosta-nessuna-risposta-in-consiglio-lopposizione-chiede-una-commissione-ad-hoc","status":"publish","type":"post","link":"https:\/\/www.circolopdgorizia.it\/?p=2038","title":{"rendered":"Aeroporto Duca d&#8217;Aosta: nessuna risposta in Consiglio, l&#8217;opposizione chiede una commissione ad hoc"},"content":{"rendered":"<p>Nella seduta consiliare di marted\u00ec sera in occasione dell&#8217;avvio della discussione sul bilancio consuntivo del Comune, il capogruppo PD Marco Rossi aveva richiesto alla Giunta di sapere cosa intendesse fare ora che l&#8217;ipotesi di fusione tra la societ\u00e0 consortile Aeroporto Duca d&#8217;Aosta e SDAG e Consorzio industriale \u00e8 tramontata per lo &#8220;stop&#8221; imposto da ENAC; di sapere che indirizzi la Giunta intendesse fornire ai nuovi vertici che dovrebbe nominare (forse) entro giugno. Se vi \u00e8, in sostanza, qualche ipotesi concreta per una &#8220;via d&#8217;uscita&#8221; dalla situazione in cui ci si \u00e8 infilati: intanto infatti l&#8217;attivit\u00e0 aeroportuale \u00e8 ai minimi, molto inferiore a quella che vi era quando l&#8217;aeroporto era gestito da un&#8217;associazione. Sono pochissimi gli aerei presenti, molti meno che in passato, molto inferiori di numero (purtroppo) anche i voli di turismo. Il progetto di rilancio non sembra, pertanto decollare: va ribadito che sul rilancio dell&#8217;aeroporto si pu\u00f2 dire che l&#8217;intera politica e l&#8217;intera citt\u00e0 attendesse un esito positivo delle progettualit\u00e0 messe in atto, pur nello scetticismo rispetto ad un progetto di difficile sostenibilit\u00e0, ora per\u00f2 va preso atto che va individuata una strada diversa.<br \/>\nIl progetto di polo aeronautico industriale, che il PD condivide, non sembra decollare. Eppure \u00e8 forse l&#8217;unico modo per coniugare attivit\u00e0 aeroportuale e posti di lavoro. Insomma: che vogliamo fare? Lasciamo morire l&#8217;aeroporto nell&#8217;inedia?<br \/>\nDalla Giunta non \u00e8 pervenuta nell&#8217;aula del Consiglio comunale alcuna risposta. I goriziani continuano a non sapere. &#8220;Inizio a temere &#8211; spiega Rossi &#8211; che l&#8217;amministrazione non sappia cosa fare e navighi a vista&#8221;.<br \/>\nI consiglieri PD Rossi, Peterin, Fasiolo hanno quindi depositato, con i colleghi di opposizione (Collini, Bandelj, Tucci), una richiesta di convocazione della Commissione Bilancio e Partecipate, sperando che, almeno in tale occasione, si possa finalmente sapere che cosa intende fare la Giunta.<\/p>\n","protected":false},"excerpt":{"rendered":"<p>Nella seduta consiliare di marted\u00ec sera in occasione dell&#8217;avvio della discussione sul bilancio consuntivo del Comune, il capogruppo PD Marco Rossi aveva richiesto alla Giunta di sapere cosa intendesse fare ora che l&#8217;ipotesi di fusione&#8230;<\/p>\n","protected":false},"author":1,"featured_media":0,"comment_status":"open","ping_status":"open","sticky":true,"template":"","format":"standard","meta":[],"categories":[322],"tags":[219],"yoast_head":"<!-- This site is optimized with the Yoast SEO plugin v14.0.4 - https:\/\/yoast.com\/wordpress\/plugins\/seo\/ -->\n<title>Aeroporto Duca d&#039;Aosta: nessuna risposta in Consiglio, l&#039;opposizione chiede una commissione ad hoc - Partito Democratico Gorizia e San Floriano<\/title>\n<meta name=\"robots\" content=\"index, follow\" \/>\n<meta name=\"googlebot\" content=\"index, follow, max-snippet:-1, max-image-preview:large, max-video-preview:-1\" \/>\n<meta name=\"bingbot\" content=\"index, follow, max-snippet:-1, max-image-preview:large, max-video-preview:-1\" \/>\n<link rel=\"canonical\" href=\"http:\/\/www.circolopdgorizia.it\/?p=2038\" \/>\n<meta property=\"og:locale\" content=\"it_IT\" \/>\n<meta property=\"og:type\" content=\"article\" \/>\n<meta property=\"og:title\" content=\"Aeroporto Duca d&#039;Aosta: nessuna risposta in Consiglio, l&#039;opposizione chiede una commissione ad hoc - Partito Democratico Gorizia e San Floriano\" \/>\n<meta property=\"og:description\" content=\"Nella seduta consiliare di marted\u00ec sera in occasione dell&#8217;avvio della discussione sul bilancio consuntivo del Comune, il capogruppo PD Marco Rossi aveva richiesto alla Giunta di sapere cosa intendesse fare ora che l&#8217;ipotesi di fusione...\" \/>\n<meta property=\"og:url\" content=\"http:\/\/www.circolopdgorizia.it\/?p=2038\" \/>\n<meta property=\"og:site_name\" content=\"Partito Democratico Gorizia e San Floriano\" \/>\n<meta property=\"article:published_time\" content=\"2018-06-08T08:10:27+00:00\" \/>\n<meta property=\"article:modified_time\" content=\"2019-01-04T11:01:40+00:00\" \/>\n<meta name=\"twitter:card\" content=\"summary_large_image\" \/>\n<script type=\"application\/ld+json\" class=\"yoast-schema-graph\">{\"@context\":\"https:\/\/schema.org\",\"@graph\":[{\"@type\":\"WebSite\",\"@id\":\"https:\/\/www.circolopdgorizia.it\/#website\",\"url\":\"https:\/\/www.circolopdgorizia.it\/\",\"name\":\"Partito Democratico Gorizia e San Floriano\",\"description\":\"pdgorizia@gmail.com - sede: Viale D&#039;Annunzio 15, Gorizia\",\"potentialAction\":[{\"@type\":\"SearchAction\",\"target\":\"https:\/\/www.circolopdgorizia.it\/?s={search_term_string}\",\"query-input\":\"required name=search_term_string\"}],\"inLanguage\":\"it-IT\"},{\"@type\":\"WebPage\",\"@id\":\"http:\/\/www.circolopdgorizia.it\/?p=2038#webpage\",\"url\":\"http:\/\/www.circolopdgorizia.it\/?p=2038\",\"name\":\"Aeroporto Duca d'Aosta: nessuna risposta in Consiglio, l'opposizione chiede una commissione ad hoc - Partito Democratico Gorizia e San Floriano\",\"isPartOf\":{\"@id\":\"https:\/\/www.circolopdgorizia.it\/#website\"},\"datePublished\":\"2018-06-08T08:10:27+00:00\",\"dateModified\":\"2019-01-04T11:01:40+00:00\",\"author\":{\"@id\":\"https:\/\/www.circolopdgorizia.it\/#\/schema\/person\/952b94662d66c7973144899a5d7544be\"},\"inLanguage\":\"it-IT\",\"potentialAction\":[{\"@type\":\"ReadAction\",\"target\":[\"http:\/\/www.circolopdgorizia.it\/?p=2038\"]}]},{\"@type\":[\"Person\"],\"@id\":\"https:\/\/www.circolopdgorizia.it\/#\/schema\/person\/952b94662d66c7973144899a5d7544be\",\"name\":\"admin\"}]}<\/script>\n<!-- \/ Yoast SEO plugin. -->","_links":{"self":[{"href":"https:\/\/www.circolopdgorizia.it\/index.php?rest_route=\/wp\/v2\/posts\/2038"}],"collection":[{"href":"https:\/\/www.circolopdgorizia.it\/index.php?rest_route=\/wp\/v2\/posts"}],"about":[{"href":"https:\/\/www.circolopdgorizia.it\/index.php?rest_route=\/wp\/v2\/types\/post"}],"author":[{"embeddable":true,"href":"https:\/\/www.circolopdgorizia.it\/index.php?rest_route=\/wp\/v2\/users\/1"}],"replies":[{"embeddable":true,"href":"https:\/\/www.circolopdgorizia.it\/index.php?rest_route=%2Fwp%2Fv2%2Fcomments&post=2038"}],"version-history":[{"count":1,"href":"https:\/\/www.circolopdgorizia.it\/index.php?rest_route=\/wp\/v2\/posts\/2038\/revisions"}],"predecessor-version":[{"id":2039,"href":"https:\/\/www.circolopdgorizia.it\/index.php?rest_route=\/wp\/v2\/posts\/2038\/revisions\/2039"}],"wp:attachment":[{"href":"https:\/\/www.circolopdgorizia.it\/index.php?rest_route=%2Fwp%2Fv2%2Fmedia&parent=2038"}],"wp:term":[{"taxonomy":"category","embeddable":true,"href":"https:\/\/www.circolopdgorizia.it\/index.php?rest_route=%2Fwp%2Fv2%2Fcategories&post=2038"},{"taxonomy":"post_tag","embeddable":true,"href":"https:\/\/www.circolopdgorizia.it\/index.php?rest_route=%2Fwp%2Fv2%2Ftags&post=2038"}],"curies":[{"name":"wp","href":"https:\/\/api.w.org\/{rel}","templated":true}]}}