{"id":2445,"date":"2020-07-31T09:36:03","date_gmt":"2020-07-31T08:36:03","guid":{"rendered":"http:\/\/www.circolopdgorizia.it\/?p=2445"},"modified":"2020-07-31T09:36:05","modified_gmt":"2020-07-31T08:36:05","slug":"rossi-pd-no-a-nuove-chiusure-del-confine-di-gorizia","status":"publish","type":"post","link":"https:\/\/www.circolopdgorizia.it\/?p=2445","title":{"rendered":"Rossi (PD): \u00abNo a nuove chiusure del confine di Gorizia\u00bb"},"content":{"rendered":"\n<p>\u00abNo a nuove chiusure del confine di Gorizia\u00bb, lo dice chiaramente il capogruppo del PD nel consiglio comunale di Gorizia, <strong>Marco Rossi<\/strong>, che \u00e8 anche componente della Segreteria regionale del Partito Democratico proprio con delega ai rapporti transfrontalieri. \u00abIn queste settimane l\u2019attenzione \u00e8 giustamente rivolta alle misure di contenimento del Covid-19, che mostra preoccupanti segni di ripresa in diversi Paesi europei: pertanto, l\u2019adozione di maggiori controlli sanitari sui confini \u00e8 assolutamente fondamentale. Sarebbe invece assolutamente negativa una nuova chiusura del confine dopo quella che \u00e8 avvenuta nel pieno dell\u2019emergenza sanitaria\u00bb.<\/p>\n\n\n\n<p>L\u2019esponente del Partito Democratico ribadisce la posizione contraria alla chiusura dei confini, gi\u00e0 espressa dall\u2019onorevole Serracchiani nei giorni scorsi, ricordando il drammatico impatto che essa ha sulla vita delle aree di confine: \u00abL\u2019eventuale chiusura del confine proposta dalla Regione colpisce gravemente la libert\u00e0 di movimento delle popolazione che vivono nelle aree di confine, che spesso hanno anche parenti, amici, fidanzati poco oltre il confine: separazione che abbiamo purtroppo gi\u00e0 visto nelle lunghe settimane di&nbsp;<em>lockdown<\/em>, e sarebbe davvero surreale se a imporci una stretta di questo tipo fosse la nostra stessa Regione! Inoltre \u2013 aggiunge Rossi \u2013 la chiusura in particolare dei valichi minori determinerebbe un grave danno a moltissime persone che devono transitare il confine per motivi di lavoro: complicazioni che si sono gi\u00e0 viste questa primavera. Per non parlare dei rallentamenti al traffico sul raccordo autostradale e le conseguenze per il lavoro delle ditte di autotrasporto e spedizione\u00bb.<\/p>\n\n\n\n<p>Proprio il rischio di chiusura di tutti i valichi minori \u2013 a Gorizia si poteva transitare soltanto per quello di Sant\u2019Andrea, ricorda il consigliere dem \u2013 va assolutamente scongiurato: \u00abSignificherebbe alzare un nuovo muro come quello che ha separato Gorizia e Nova Gorica per decenni. E questo mentre dobbiamo lavorare alla candidatura comune a Capitale Europea della Cultura? Sarebbe un colpo basso contro la nostra citt\u00e0! Per questo motivo \u00e8 invece positivo che il Governo metta a disposizione un incremento del personale di controllo del territorio, cos\u00ec potranno essere garantiti controlli in sicurezza su tutti i valichi senza chiuderne nessuno\u00bb.<\/p>\n","protected":false},"excerpt":{"rendered":"<p>\u00abNo a nuove chiusure del confine di Gorizia\u00bb, lo dice chiaramente il capogruppo del PD nel consiglio comunale di Gorizia, Marco Rossi, che \u00e8 anche componente della Segreteria regionale del Partito Democratico proprio con delega&#8230;<\/p>\n","protected":false},"author":1,"featured_media":1312,"comment_status":"open","ping_status":"open","sticky":false,"template":"","format":"standard","meta":[],"categories":[5],"tags":[341,283],"yoast_head":"<!-- This site is optimized with the Yoast SEO plugin v14.0.4 - https:\/\/yoast.com\/wordpress\/plugins\/seo\/ -->\n<title>Rossi (PD): \u00abNo a nuove chiusure del confine di Gorizia\u00bb - Partito Democratico Gorizia e San Floriano<\/title>\n<meta name=\"robots\" content=\"index, follow\" \/>\n<meta name=\"googlebot\" content=\"index, follow, max-snippet:-1, max-image-preview:large, max-video-preview:-1\" \/>\n<meta name=\"bingbot\" content=\"index, follow, max-snippet:-1, max-image-preview:large, max-video-preview:-1\" \/>\n<link rel=\"canonical\" href=\"http:\/\/www.circolopdgorizia.it\/?p=2445\" \/>\n<meta property=\"og:locale\" content=\"it_IT\" \/>\n<meta property=\"og:type\" content=\"article\" \/>\n<meta property=\"og:title\" content=\"Rossi (PD): \u00abNo a nuove chiusure del confine di Gorizia\u00bb - Partito Democratico Gorizia e San Floriano\" \/>\n<meta property=\"og:description\" content=\"\u00abNo a nuove chiusure del confine di Gorizia\u00bb, lo dice chiaramente il capogruppo del PD nel consiglio comunale di Gorizia, Marco Rossi, che \u00e8 anche componente della Segreteria regionale del Partito Democratico proprio con delega...\" \/>\n<meta property=\"og:url\" content=\"http:\/\/www.circolopdgorizia.it\/?p=2445\" \/>\n<meta property=\"og:site_name\" content=\"Partito Democratico Gorizia e San Floriano\" \/>\n<meta property=\"article:published_time\" content=\"2020-07-31T08:36:03+00:00\" \/>\n<meta property=\"article:modified_time\" content=\"2020-07-31T08:36:05+00:00\" \/>\n<meta property=\"og:image\" content=\"http:\/\/www.circolopdgorizia.it\/wp-content\/uploads\/2017\/01\/ferrovia-transalpina.jpg\" \/>\n\t<meta property=\"og:image:width\" content=\"1181\" \/>\n\t<meta property=\"og:image:height\" content=\"785\" \/>\n<meta name=\"twitter:card\" content=\"summary_large_image\" \/>\n<script type=\"application\/ld+json\" class=\"yoast-schema-graph\">{\"@context\":\"https:\/\/schema.org\",\"@graph\":[{\"@type\":\"WebSite\",\"@id\":\"https:\/\/www.circolopdgorizia.it\/#website\",\"url\":\"https:\/\/www.circolopdgorizia.it\/\",\"name\":\"Partito Democratico Gorizia e San Floriano\",\"description\":\"pdgorizia@gmail.com - sede: Viale D&#039;Annunzio 15, Gorizia\",\"potentialAction\":[{\"@type\":\"SearchAction\",\"target\":\"https:\/\/www.circolopdgorizia.it\/?s={search_term_string}\",\"query-input\":\"required name=search_term_string\"}],\"inLanguage\":\"it-IT\"},{\"@type\":\"ImageObject\",\"@id\":\"http:\/\/www.circolopdgorizia.it\/?p=2445#primaryimage\",\"inLanguage\":\"it-IT\",\"url\":\"https:\/\/www.circolopdgorizia.it\/wp-content\/uploads\/2017\/01\/ferrovia-transalpina.jpg\",\"width\":1181,\"height\":785},{\"@type\":\"WebPage\",\"@id\":\"http:\/\/www.circolopdgorizia.it\/?p=2445#webpage\",\"url\":\"http:\/\/www.circolopdgorizia.it\/?p=2445\",\"name\":\"Rossi (PD): \\u00abNo a nuove chiusure del confine di Gorizia\\u00bb - Partito Democratico Gorizia e San Floriano\",\"isPartOf\":{\"@id\":\"https:\/\/www.circolopdgorizia.it\/#website\"},\"primaryImageOfPage\":{\"@id\":\"http:\/\/www.circolopdgorizia.it\/?p=2445#primaryimage\"},\"datePublished\":\"2020-07-31T08:36:03+00:00\",\"dateModified\":\"2020-07-31T08:36:05+00:00\",\"author\":{\"@id\":\"https:\/\/www.circolopdgorizia.it\/#\/schema\/person\/952b94662d66c7973144899a5d7544be\"},\"inLanguage\":\"it-IT\",\"potentialAction\":[{\"@type\":\"ReadAction\",\"target\":[\"http:\/\/www.circolopdgorizia.it\/?p=2445\"]}]},{\"@type\":[\"Person\"],\"@id\":\"https:\/\/www.circolopdgorizia.it\/#\/schema\/person\/952b94662d66c7973144899a5d7544be\",\"name\":\"admin\"}]}<\/script>\n<!-- \/ Yoast SEO plugin. -->","_links":{"self":[{"href":"https:\/\/www.circolopdgorizia.it\/index.php?rest_route=\/wp\/v2\/posts\/2445"}],"collection":[{"href":"https:\/\/www.circolopdgorizia.it\/index.php?rest_route=\/wp\/v2\/posts"}],"about":[{"href":"https:\/\/www.circolopdgorizia.it\/index.php?rest_route=\/wp\/v2\/types\/post"}],"author":[{"embeddable":true,"href":"https:\/\/www.circolopdgorizia.it\/index.php?rest_route=\/wp\/v2\/users\/1"}],"replies":[{"embeddable":true,"href":"https:\/\/www.circolopdgorizia.it\/index.php?rest_route=%2Fwp%2Fv2%2Fcomments&post=2445"}],"version-history":[{"count":1,"href":"https:\/\/www.circolopdgorizia.it\/index.php?rest_route=\/wp\/v2\/posts\/2445\/revisions"}],"predecessor-version":[{"id":2446,"href":"https:\/\/www.circolopdgorizia.it\/index.php?rest_route=\/wp\/v2\/posts\/2445\/revisions\/2446"}],"wp:featuredmedia":[{"embeddable":true,"href":"https:\/\/www.circolopdgorizia.it\/index.php?rest_route=\/wp\/v2\/media\/1312"}],"wp:attachment":[{"href":"https:\/\/www.circolopdgorizia.it\/index.php?rest_route=%2Fwp%2Fv2%2Fmedia&parent=2445"}],"wp:term":[{"taxonomy":"category","embeddable":true,"href":"https:\/\/www.circolopdgorizia.it\/index.php?rest_route=%2Fwp%2Fv2%2Fcategories&post=2445"},{"taxonomy":"post_tag","embeddable":true,"href":"https:\/\/www.circolopdgorizia.it\/index.php?rest_route=%2Fwp%2Fv2%2Ftags&post=2445"}],"curies":[{"name":"wp","href":"https:\/\/api.w.org\/{rel}","templated":true}]}}