{"id":2527,"date":"2021-04-30T10:06:36","date_gmt":"2021-04-30T09:06:36","guid":{"rendered":"http:\/\/www.circolopdgorizia.it\/?p=2527"},"modified":"2021-04-30T10:06:38","modified_gmt":"2021-04-30T09:06:38","slug":"gect-nessun-goriziano-aveva-i-titoli-per-essere-presidente","status":"publish","type":"post","link":"https:\/\/www.circolopdgorizia.it\/?p=2527","title":{"rendered":"GECT: Nessun goriziano aveva i titoli per essere Presidente?"},"content":{"rendered":"\n<p><strong>Perazza e Rossi del PD contro la nomina di Petiziol:\u00a0\u00abChiarisca l\u2019inquietante la vicinanza con il regime di Orban\u00bb<\/strong><\/p>\n\n\n\n<p>\u00abLa citt\u00e0 prende atto che nessuno dei goriziani attualmente presenti nella Assemblea del GECT GO secondo il Sindaco Ziberna avevano i titoli e le caratteristiche per assumere il ruolo di Presidente\u00bb, punge il segretario cittadino del Partito Democratico, Franco Perazza, in merito all\u2019elezione di Petiziol a presidente del GECT\u00a0\u00abScelta evidentemente ispirata da Ziberna\u00bb.<\/p>\n\n\n\n<p>\u00ab\u00c8&nbsp;evidente che altrettanto valide personalit\u00e0 espressione della citt\u00e0 (Petiziol \u00e8 cervignanese) siedono nell\u2019Assemblea del Gect \u2013 sottolinea Perazza insieme al capogruppo consiliare del PD, Marco Rossi &#8211; , ma senza voler alimentare una retorica localistica, la scelta appare quantomeno singolare e non funzionale a coinvolgere maggiormente la citt\u00e0, i consigli comunali e il tessuto associativo nello sviluppo delle prossime strategie dell\u2019organismo che \u201cattua\u201d la cooperazione transfrontaliera tra Gorizia, Nova Gorica&nbsp;&nbsp;e \u0160empeter\u00bb.<\/p>\n\n\n\n<p>\u00abNon va a onore del nuovo Presidente, poi, la preoccupante vicinanza con il regime di Orban in Ungheria che, leggiamo dal curriculum di Petiziol, lo ha insignito di onorificenze e infine della cittadinanza ungherese nel 2019: lo stesso regime ungherese che nei giorni scorsi ha approvato l\u2019ennesima riforma liberticida allungando le sue mani sul mondo accademico dopo aver determinato la progressiva chiusura di radio, televisioni e testate contrarie al suo regime. Ma soprattutto, Ungheria che \u00e8 sotto l\u2019attenzione della Commissione europea per l\u2019applicazione dei principi dello \u201cstato di diritto\u201d. Si tratta di una questione che il nuovo Presidente dovr\u00e0 chiarire per non compromettere dall\u2019inizio il percorso di Gorizia verso la Capitale europea della Cultura\u00bb.<\/p>\n\n\n\n<p>\u00abInfine \u2013 sottolineano Rossi e Perazza &#8211; i formali ringraziamenti dei Sindaci a Presidente e Vicepresidente uscenti non possono sanare le evidenti fratture che si stanno cumulando attorno al GECT e che allontanano ulteriormente le amministrazioni locali dal tessuto sociale e associativo in cui il Gect opera. Ci attendiamo che la nuova Presidenza cambi decisamente rotta e avvii quel costruttivo coinvolgimento di Consiglieri comunali e realt\u00e0 associative che, da tempo, manca\u00bb.<\/p>\n","protected":false},"excerpt":{"rendered":"<p>Perazza e Rossi del PD contro la nomina di Petiziol:\u00a0\u00abChiarisca l\u2019inquietante la vicinanza con il regime di Orban\u00bb \u00abLa citt\u00e0 prende atto che nessuno dei goriziani attualmente presenti nella Assemblea del GECT GO secondo il&#8230;<\/p>\n","protected":false},"author":1,"featured_media":2528,"comment_status":"open","ping_status":"open","sticky":true,"template":"","format":"standard","meta":[],"categories":[5],"tags":[326],"yoast_head":"<!-- This site is optimized with the Yoast SEO plugin v14.0.4 - https:\/\/yoast.com\/wordpress\/plugins\/seo\/ -->\n<title>GECT: Nessun goriziano aveva i titoli per essere Presidente? - Partito Democratico Gorizia e San Floriano<\/title>\n<meta name=\"robots\" content=\"index, follow\" \/>\n<meta name=\"googlebot\" content=\"index, follow, max-snippet:-1, max-image-preview:large, max-video-preview:-1\" \/>\n<meta name=\"bingbot\" content=\"index, follow, max-snippet:-1, max-image-preview:large, max-video-preview:-1\" \/>\n<link rel=\"canonical\" href=\"http:\/\/www.circolopdgorizia.it\/?p=2527\" \/>\n<meta property=\"og:locale\" content=\"it_IT\" \/>\n<meta property=\"og:type\" content=\"article\" \/>\n<meta property=\"og:title\" content=\"GECT: Nessun goriziano aveva i titoli per essere Presidente? - Partito Democratico Gorizia e San Floriano\" \/>\n<meta property=\"og:description\" content=\"Perazza e Rossi del PD contro la nomina di Petiziol:\u00a0\u00abChiarisca l\u2019inquietante la vicinanza con il regime di Orban\u00bb \u00abLa citt\u00e0 prende atto che nessuno dei goriziani attualmente presenti nella Assemblea del GECT GO secondo il...\" \/>\n<meta property=\"og:url\" content=\"http:\/\/www.circolopdgorizia.it\/?p=2527\" \/>\n<meta property=\"og:site_name\" content=\"Partito Democratico Gorizia e San Floriano\" \/>\n<meta property=\"article:published_time\" content=\"2021-04-30T09:06:36+00:00\" \/>\n<meta property=\"article:modified_time\" content=\"2021-04-30T09:06:38+00:00\" \/>\n<meta property=\"og:image\" content=\"http:\/\/www.circolopdgorizia.it\/wp-content\/uploads\/2021\/04\/Transalpina.jpg\" \/>\n\t<meta property=\"og:image:width\" content=\"1280\" \/>\n\t<meta property=\"og:image:height\" content=\"857\" \/>\n<meta name=\"twitter:card\" content=\"summary_large_image\" \/>\n<script type=\"application\/ld+json\" class=\"yoast-schema-graph\">{\"@context\":\"https:\/\/schema.org\",\"@graph\":[{\"@type\":\"WebSite\",\"@id\":\"https:\/\/www.circolopdgorizia.it\/#website\",\"url\":\"https:\/\/www.circolopdgorizia.it\/\",\"name\":\"Partito Democratico Gorizia e San Floriano\",\"description\":\"pdgorizia@gmail.com - sede: Viale D&#039;Annunzio 15, Gorizia\",\"potentialAction\":[{\"@type\":\"SearchAction\",\"target\":\"https:\/\/www.circolopdgorizia.it\/?s={search_term_string}\",\"query-input\":\"required name=search_term_string\"}],\"inLanguage\":\"it-IT\"},{\"@type\":\"ImageObject\",\"@id\":\"http:\/\/www.circolopdgorizia.it\/?p=2527#primaryimage\",\"inLanguage\":\"it-IT\",\"url\":\"https:\/\/www.circolopdgorizia.it\/wp-content\/uploads\/2021\/04\/Transalpina.jpg\",\"width\":1280,\"height\":857},{\"@type\":\"WebPage\",\"@id\":\"http:\/\/www.circolopdgorizia.it\/?p=2527#webpage\",\"url\":\"http:\/\/www.circolopdgorizia.it\/?p=2527\",\"name\":\"GECT: Nessun goriziano aveva i titoli per essere Presidente? - Partito Democratico Gorizia e San Floriano\",\"isPartOf\":{\"@id\":\"https:\/\/www.circolopdgorizia.it\/#website\"},\"primaryImageOfPage\":{\"@id\":\"http:\/\/www.circolopdgorizia.it\/?p=2527#primaryimage\"},\"datePublished\":\"2021-04-30T09:06:36+00:00\",\"dateModified\":\"2021-04-30T09:06:38+00:00\",\"author\":{\"@id\":\"https:\/\/www.circolopdgorizia.it\/#\/schema\/person\/952b94662d66c7973144899a5d7544be\"},\"inLanguage\":\"it-IT\",\"potentialAction\":[{\"@type\":\"ReadAction\",\"target\":[\"http:\/\/www.circolopdgorizia.it\/?p=2527\"]}]},{\"@type\":[\"Person\"],\"@id\":\"https:\/\/www.circolopdgorizia.it\/#\/schema\/person\/952b94662d66c7973144899a5d7544be\",\"name\":\"admin\"}]}<\/script>\n<!-- \/ Yoast SEO plugin. -->","_links":{"self":[{"href":"https:\/\/www.circolopdgorizia.it\/index.php?rest_route=\/wp\/v2\/posts\/2527"}],"collection":[{"href":"https:\/\/www.circolopdgorizia.it\/index.php?rest_route=\/wp\/v2\/posts"}],"about":[{"href":"https:\/\/www.circolopdgorizia.it\/index.php?rest_route=\/wp\/v2\/types\/post"}],"author":[{"embeddable":true,"href":"https:\/\/www.circolopdgorizia.it\/index.php?rest_route=\/wp\/v2\/users\/1"}],"replies":[{"embeddable":true,"href":"https:\/\/www.circolopdgorizia.it\/index.php?rest_route=%2Fwp%2Fv2%2Fcomments&post=2527"}],"version-history":[{"count":1,"href":"https:\/\/www.circolopdgorizia.it\/index.php?rest_route=\/wp\/v2\/posts\/2527\/revisions"}],"predecessor-version":[{"id":2529,"href":"https:\/\/www.circolopdgorizia.it\/index.php?rest_route=\/wp\/v2\/posts\/2527\/revisions\/2529"}],"wp:featuredmedia":[{"embeddable":true,"href":"https:\/\/www.circolopdgorizia.it\/index.php?rest_route=\/wp\/v2\/media\/2528"}],"wp:attachment":[{"href":"https:\/\/www.circolopdgorizia.it\/index.php?rest_route=%2Fwp%2Fv2%2Fmedia&parent=2527"}],"wp:term":[{"taxonomy":"category","embeddable":true,"href":"https:\/\/www.circolopdgorizia.it\/index.php?rest_route=%2Fwp%2Fv2%2Fcategories&post=2527"},{"taxonomy":"post_tag","embeddable":true,"href":"https:\/\/www.circolopdgorizia.it\/index.php?rest_route=%2Fwp%2Fv2%2Ftags&post=2527"}],"curies":[{"name":"wp","href":"https:\/\/api.w.org\/{rel}","templated":true}]}}