{"id":38,"date":"2010-06-29T17:18:21","date_gmt":"2010-06-29T16:18:21","guid":{"rendered":"http:\/\/www.circolopdgorizia.it\/?p=38"},"modified":"2011-04-03T21:36:40","modified_gmt":"2011-04-03T20:36:40","slug":"congresso-di-circolo","status":"publish","type":"post","link":"https:\/\/www.circolopdgorizia.it\/?p=38","title":{"rendered":"Congresso di circolo"},"content":{"rendered":"<p>Si \u00e8 tenuto il 26 giugno il congresso di circolo e provinciale del Pd cittadino. Pi\u00f9 di 300 iscritti hanno partecipato al congresso che si \u00e8 tenuto al Kulturni Dom e che ha visto una parte di dibattito e presentazione delle liste, e successivamente il voto aperto agli iscritti, che si \u00e8 concluso alle 22.00. Tre le liste che si sono presentate per concorrere alla individuazione dei 40 membri del direttivo. Tutte le tre liste hanno sostenuto il segretario comunale uscente, <strong><span style=\"color: #003366;\">Giuseppe Cingolani<\/span><\/strong>, che \u00e8 stato dunque riconfermato.<\/p>\n<p>Risultato scontato invece per il congresso provinciale: in contemporanea gli iscritti hanno infatti potuto eleggere l&#8217;Assemblea provinciale del partito. In questo caso un&#8217;unica lista che ha portato alla riconferma del segretario provinciale <strong><span style=\"color: #003366;\">Omar Greco<\/span><\/strong>, e all&#8217;elezione di 27 membri goriziani (su 101) nell&#8217;organismo provinciale del Pd.<\/p>\n","protected":false},"excerpt":{"rendered":"<p>Sabato 26 giugno si \u00e8 tenuto il congresso di circolo del Partito democratico. Riconfermato Giuseppe CINGOLANI come segretario di cittadino e Omar GRECO come segretario provinciale.<br \/>\nClicca sul titolo per approfondire&#8230;<\/p>\n","protected":false},"author":1,"featured_media":0,"comment_status":"open","ping_status":"open","sticky":false,"template":"","format":"standard","meta":[],"categories":[5],"tags":[],"yoast_head":"<!-- This site is optimized with the Yoast SEO plugin v14.0.4 - https:\/\/yoast.com\/wordpress\/plugins\/seo\/ -->\n<title>Congresso di circolo - Partito Democratico Gorizia e San Floriano<\/title>\n<meta name=\"robots\" content=\"index, follow\" \/>\n<meta name=\"googlebot\" content=\"index, follow, max-snippet:-1, max-image-preview:large, max-video-preview:-1\" \/>\n<meta name=\"bingbot\" content=\"index, follow, max-snippet:-1, max-image-preview:large, max-video-preview:-1\" \/>\n<link rel=\"canonical\" href=\"http:\/\/www.circolopdgorizia.it\/?p=38\" \/>\n<meta property=\"og:locale\" content=\"it_IT\" \/>\n<meta property=\"og:type\" content=\"article\" \/>\n<meta property=\"og:title\" content=\"Congresso di circolo - Partito Democratico Gorizia e San Floriano\" \/>\n<meta property=\"og:description\" content=\"Sabato 26 giugno si \u00e8 tenuto il congresso di circolo del Partito democratico. Riconfermato Giuseppe CINGOLANI come segretario di cittadino e Omar GRECO come segretario provinciale. Clicca sul titolo per approfondire...\" \/>\n<meta property=\"og:url\" content=\"http:\/\/www.circolopdgorizia.it\/?p=38\" \/>\n<meta property=\"og:site_name\" content=\"Partito Democratico Gorizia e San Floriano\" \/>\n<meta property=\"article:published_time\" content=\"2010-06-29T16:18:21+00:00\" \/>\n<meta property=\"article:modified_time\" content=\"2011-04-03T20:36:40+00:00\" \/>\n<meta name=\"twitter:card\" content=\"summary_large_image\" \/>\n<script type=\"application\/ld+json\" class=\"yoast-schema-graph\">{\"@context\":\"https:\/\/schema.org\",\"@graph\":[{\"@type\":\"WebSite\",\"@id\":\"https:\/\/www.circolopdgorizia.it\/#website\",\"url\":\"https:\/\/www.circolopdgorizia.it\/\",\"name\":\"Partito Democratico Gorizia e San Floriano\",\"description\":\"pdgorizia@gmail.com - sede: Viale D&#039;Annunzio 15, Gorizia\",\"potentialAction\":[{\"@type\":\"SearchAction\",\"target\":\"https:\/\/www.circolopdgorizia.it\/?s={search_term_string}\",\"query-input\":\"required name=search_term_string\"}],\"inLanguage\":\"it-IT\"},{\"@type\":\"WebPage\",\"@id\":\"http:\/\/www.circolopdgorizia.it\/?p=38#webpage\",\"url\":\"http:\/\/www.circolopdgorizia.it\/?p=38\",\"name\":\"Congresso di circolo - Partito Democratico Gorizia e San Floriano\",\"isPartOf\":{\"@id\":\"https:\/\/www.circolopdgorizia.it\/#website\"},\"datePublished\":\"2010-06-29T16:18:21+00:00\",\"dateModified\":\"2011-04-03T20:36:40+00:00\",\"author\":{\"@id\":\"https:\/\/www.circolopdgorizia.it\/#\/schema\/person\/952b94662d66c7973144899a5d7544be\"},\"inLanguage\":\"it-IT\",\"potentialAction\":[{\"@type\":\"ReadAction\",\"target\":[\"http:\/\/www.circolopdgorizia.it\/?p=38\"]}]},{\"@type\":[\"Person\"],\"@id\":\"https:\/\/www.circolopdgorizia.it\/#\/schema\/person\/952b94662d66c7973144899a5d7544be\",\"name\":\"admin\"}]}<\/script>\n<!-- \/ Yoast SEO plugin. -->","_links":{"self":[{"href":"https:\/\/www.circolopdgorizia.it\/index.php?rest_route=\/wp\/v2\/posts\/38"}],"collection":[{"href":"https:\/\/www.circolopdgorizia.it\/index.php?rest_route=\/wp\/v2\/posts"}],"about":[{"href":"https:\/\/www.circolopdgorizia.it\/index.php?rest_route=\/wp\/v2\/types\/post"}],"author":[{"embeddable":true,"href":"https:\/\/www.circolopdgorizia.it\/index.php?rest_route=\/wp\/v2\/users\/1"}],"replies":[{"embeddable":true,"href":"https:\/\/www.circolopdgorizia.it\/index.php?rest_route=%2Fwp%2Fv2%2Fcomments&post=38"}],"version-history":[{"count":4,"href":"https:\/\/www.circolopdgorizia.it\/index.php?rest_route=\/wp\/v2\/posts\/38\/revisions"}],"predecessor-version":[{"id":40,"href":"https:\/\/www.circolopdgorizia.it\/index.php?rest_route=\/wp\/v2\/posts\/38\/revisions\/40"}],"wp:attachment":[{"href":"https:\/\/www.circolopdgorizia.it\/index.php?rest_route=%2Fwp%2Fv2%2Fmedia&parent=38"}],"wp:term":[{"taxonomy":"category","embeddable":true,"href":"https:\/\/www.circolopdgorizia.it\/index.php?rest_route=%2Fwp%2Fv2%2Fcategories&post=38"},{"taxonomy":"post_tag","embeddable":true,"href":"https:\/\/www.circolopdgorizia.it\/index.php?rest_route=%2Fwp%2Fv2%2Ftags&post=38"}],"curies":[{"name":"wp","href":"https:\/\/api.w.org\/{rel}","templated":true}]}}