{"id":62,"date":"2011-01-16T12:49:06","date_gmt":"2011-01-16T11:49:06","guid":{"rendered":"http:\/\/www.circolopdgorizia.it\/?p=62"},"modified":"2011-01-16T12:49:50","modified_gmt":"2011-01-16T11:49:50","slug":"nadia-scotti-e-mina-welby-a-gorizia","status":"publish","type":"post","link":"https:\/\/www.circolopdgorizia.it\/?p=62","title":{"rendered":"Nadia Scotti e Mina Welby a Gorizia"},"content":{"rendered":"<figure id=\"attachment_64\" aria-describedby=\"caption-attachment-64\" style=\"width: 300px\" class=\"wp-caption alignright\"><a href=\"http:\/\/www.circolopdgorizia.it\/wp-content\/uploads\/2011\/01\/aDSCN32681.jpg\"><img loading=\"lazy\" class=\"size-medium wp-image-64\" title=\"aDSCN3268\" src=\"http:\/\/www.circolopdgorizia.it\/wp-content\/uploads\/2011\/01\/aDSCN32681-300x225.jpg\" alt=\"\" width=\"300\" height=\"225\" srcset=\"https:\/\/www.circolopdgorizia.it\/wp-content\/uploads\/2011\/01\/aDSCN32681-300x225.jpg 300w, https:\/\/www.circolopdgorizia.it\/wp-content\/uploads\/2011\/01\/aDSCN32681.jpg 800w\" sizes=\"(max-width: 300px) 100vw, 300px\" \/><\/a><figcaption id=\"caption-attachment-64\" class=\"wp-caption-text\">Da sinistra a destra: Pietro Pipi, Mina Welby, Giannino Busato, Nadia Scotti e Francesco Donolato<\/figcaption><\/figure>\n<p>Venerd\u00ec sera si \u00e8 tenuto, all&#8217;Hotel Entourage, il dibattito che il gruppo tematico Sanit\u00e0 del Pd ha organizzato insieme all&#8217;Associazione radicale Trasparenza e Partecipazione.<\/p>\n<p>L\u2019incontro \u00e8 stato moderato da Giannino Busato per il Pd e concluso da Pietro Pipi dell\u2019associazione radicale goriziana.<br \/>\nDopo l\u2019illustrazione della proposta di legge Calabr\u00f2, attualmente depositata in Parlamento, da parte dell\u2019avvocato Francesco Donolato (\u00abProvvedimento figlio dell\u2019attualit\u00e0 che, per come \u00e8 impostato, non risolve quasi nulla\u00bb), \u00e8 stata la volta della testimonianza di Nadia Scotti, goriziana, fondatrice di un\u2019associazione che assiste le famiglie che hanno dei parenti colpiti da SLA o altre malattie che costringono i pazienti ad uno stato in cui non sono pi\u00f9 capaci di intendere e di volere, spesso imprigionati nel proprio corpo. Nadia Scotti ha denunciato \u00abDalla societ\u00e0 e dalle istituzioni non ho ricevuto alcun aiuto: le famiglie colpite da questi drammi sono abbandonate a se stesse, senza ricevere alcuna assistenza concreta\u00bb. La Scotti ha voluto dare il proprio punto di vista: \u00abIo ho un\u2019opinione un po\u2019 diversa da quella di Mina Welby, non me la sentirei mai di farmi portavoce delle volont\u00e0 di un\u2019altra persona, per\u00f2 sono sicuramente convinta che non possono essere i giudici a decidere della vita o della morte di una persona\u00bb.<br \/>\nAnche Mina Welby ha ribadito questo punto \u00abProprio per questo serve al pi\u00f9 presto una buona legge che colmi questo vuoto normativo\u00bb e ha ancora ricordato l\u2019assenza di un\u2019assistenza domiciliare adeguata: \u00abLa legge vorrebbe sostenere la presa in carico dei pazienti, ma non prevede alcuna copertura finanziaria per rendere questo obiettivo qualcosa di concreto, e le famiglie continuano e purtroppo continueranno ad essere abbandonate a se stesse\u00bb.<br \/>\n<img loading=\"lazy\" class=\"alignleft size-medium wp-image-65\" style=\"margin-left: 4px; margin-right: 4px;\" title=\"aDSCN3261\" src=\"http:\/\/www.circolopdgorizia.it\/wp-content\/uploads\/2011\/01\/aDSCN3261-300x225.jpg\" alt=\"\" width=\"300\" height=\"225\" srcset=\"https:\/\/www.circolopdgorizia.it\/wp-content\/uploads\/2011\/01\/aDSCN3261-300x225.jpg 300w, https:\/\/www.circolopdgorizia.it\/wp-content\/uploads\/2011\/01\/aDSCN3261.jpg 800w\" sizes=\"(max-width: 300px) 100vw, 300px\" \/>\u00abAbbiamo voluto proporre alla citt\u00e0 un momento di riflessione sull\u2019argomento \u2013 ha concluso il segretario cittadino del Partito Democratico, Giuseppe Cingolani &#8211;\u00a0 perch\u00e9, pur in assenza di una legge che disciplini il testamento biologico,\u00a0 l\u2019esperienza stessa della nostra concittadina Nadia Scotti dimostra che il tema \u00e8 di stretta attualit\u00e0 e non possiamo considerarlo come qualcosa che non ci riguardi. Voglio ricordare peraltro che il Pd chiede ormai da tempo l\u2019adozione di un testo di legge equilibrato, senza i pregiudizi ideologici che caratterizzano la proposta di legge presentata invece dal centrodestra e che, come ha dimostrato il dibattito, non risolve assolutamente nulla.\u00bb Per Pietro Pipi dell\u2019associazione radicale Trasparenza e Partecipazione \u00abPi\u00f9 che un problema etico, \u00e8 un problema sociale: e proprio per questo la legge non pu\u00f2 esimersi dall\u2019affrontare e dare soluzione ad un grave problema sociale\u00bb.<\/p>\n","protected":false},"excerpt":{"rendered":"<p>Venerd\u00ec sera si \u00e8 tenuto, all&#8217;Hotel Entourage, il dibattito che il gruppo tematico Sanit\u00e0 del Pd ha organizzato insieme all&#8217;Associazione radicale Trasparenza e Partecipazione. Clicca sul titolo per saperne di pi\u00f9 e vedere le foto.<\/p>\n","protected":false},"author":1,"featured_media":0,"comment_status":"open","ping_status":"open","sticky":false,"template":"","format":"standard","meta":[],"categories":[1],"tags":[],"yoast_head":"<!-- This site is optimized with the Yoast SEO plugin v14.0.4 - https:\/\/yoast.com\/wordpress\/plugins\/seo\/ -->\n<title>Nadia Scotti e Mina Welby a Gorizia - Partito Democratico Gorizia e San Floriano<\/title>\n<meta name=\"robots\" content=\"index, follow\" \/>\n<meta name=\"googlebot\" content=\"index, follow, max-snippet:-1, max-image-preview:large, max-video-preview:-1\" \/>\n<meta name=\"bingbot\" content=\"index, follow, max-snippet:-1, max-image-preview:large, max-video-preview:-1\" \/>\n<link rel=\"canonical\" href=\"http:\/\/www.circolopdgorizia.it\/?p=62\" \/>\n<meta property=\"og:locale\" content=\"it_IT\" \/>\n<meta property=\"og:type\" content=\"article\" \/>\n<meta property=\"og:title\" content=\"Nadia Scotti e Mina Welby a Gorizia - Partito Democratico Gorizia e San Floriano\" \/>\n<meta property=\"og:description\" content=\"Venerd\u00ec sera si \u00e8 tenuto, all&#039;Hotel Entourage, il dibattito che il gruppo tematico Sanit\u00e0 del Pd ha organizzato insieme all&#039;Associazione radicale Trasparenza e Partecipazione. Clicca sul titolo per saperne di pi\u00f9 e vedere le foto.\" \/>\n<meta property=\"og:url\" content=\"http:\/\/www.circolopdgorizia.it\/?p=62\" \/>\n<meta property=\"og:site_name\" content=\"Partito Democratico Gorizia e San Floriano\" \/>\n<meta property=\"article:published_time\" content=\"2011-01-16T11:49:06+00:00\" \/>\n<meta property=\"article:modified_time\" content=\"2011-01-16T11:49:50+00:00\" \/>\n<meta property=\"og:image\" content=\"http:\/\/www.circolopdgorizia.it\/wp-content\/uploads\/2011\/01\/aDSCN32681-300x225.jpg\" \/>\n<meta name=\"twitter:card\" content=\"summary_large_image\" \/>\n<script type=\"application\/ld+json\" class=\"yoast-schema-graph\">{\"@context\":\"https:\/\/schema.org\",\"@graph\":[{\"@type\":\"WebSite\",\"@id\":\"https:\/\/www.circolopdgorizia.it\/#website\",\"url\":\"https:\/\/www.circolopdgorizia.it\/\",\"name\":\"Partito Democratico Gorizia e San Floriano\",\"description\":\"pdgorizia@gmail.com - sede: Viale D&#039;Annunzio 15, Gorizia\",\"potentialAction\":[{\"@type\":\"SearchAction\",\"target\":\"https:\/\/www.circolopdgorizia.it\/?s={search_term_string}\",\"query-input\":\"required name=search_term_string\"}],\"inLanguage\":\"it-IT\"},{\"@type\":\"ImageObject\",\"@id\":\"http:\/\/www.circolopdgorizia.it\/?p=62#primaryimage\",\"inLanguage\":\"it-IT\",\"url\":\"http:\/\/www.circolopdgorizia.it\/wp-content\/uploads\/2011\/01\/aDSCN32681-300x225.jpg\"},{\"@type\":\"WebPage\",\"@id\":\"http:\/\/www.circolopdgorizia.it\/?p=62#webpage\",\"url\":\"http:\/\/www.circolopdgorizia.it\/?p=62\",\"name\":\"Nadia Scotti e Mina Welby a Gorizia - Partito Democratico Gorizia e San Floriano\",\"isPartOf\":{\"@id\":\"https:\/\/www.circolopdgorizia.it\/#website\"},\"primaryImageOfPage\":{\"@id\":\"http:\/\/www.circolopdgorizia.it\/?p=62#primaryimage\"},\"datePublished\":\"2011-01-16T11:49:06+00:00\",\"dateModified\":\"2011-01-16T11:49:50+00:00\",\"author\":{\"@id\":\"https:\/\/www.circolopdgorizia.it\/#\/schema\/person\/952b94662d66c7973144899a5d7544be\"},\"inLanguage\":\"it-IT\",\"potentialAction\":[{\"@type\":\"ReadAction\",\"target\":[\"http:\/\/www.circolopdgorizia.it\/?p=62\"]}]},{\"@type\":[\"Person\"],\"@id\":\"https:\/\/www.circolopdgorizia.it\/#\/schema\/person\/952b94662d66c7973144899a5d7544be\",\"name\":\"admin\"}]}<\/script>\n<!-- \/ Yoast SEO plugin. -->","_links":{"self":[{"href":"https:\/\/www.circolopdgorizia.it\/index.php?rest_route=\/wp\/v2\/posts\/62"}],"collection":[{"href":"https:\/\/www.circolopdgorizia.it\/index.php?rest_route=\/wp\/v2\/posts"}],"about":[{"href":"https:\/\/www.circolopdgorizia.it\/index.php?rest_route=\/wp\/v2\/types\/post"}],"author":[{"embeddable":true,"href":"https:\/\/www.circolopdgorizia.it\/index.php?rest_route=\/wp\/v2\/users\/1"}],"replies":[{"embeddable":true,"href":"https:\/\/www.circolopdgorizia.it\/index.php?rest_route=%2Fwp%2Fv2%2Fcomments&post=62"}],"version-history":[{"count":4,"href":"https:\/\/www.circolopdgorizia.it\/index.php?rest_route=\/wp\/v2\/posts\/62\/revisions"}],"predecessor-version":[{"id":69,"href":"https:\/\/www.circolopdgorizia.it\/index.php?rest_route=\/wp\/v2\/posts\/62\/revisions\/69"}],"wp:attachment":[{"href":"https:\/\/www.circolopdgorizia.it\/index.php?rest_route=%2Fwp%2Fv2%2Fmedia&parent=62"}],"wp:term":[{"taxonomy":"category","embeddable":true,"href":"https:\/\/www.circolopdgorizia.it\/index.php?rest_route=%2Fwp%2Fv2%2Fcategories&post=62"},{"taxonomy":"post_tag","embeddable":true,"href":"https:\/\/www.circolopdgorizia.it\/index.php?rest_route=%2Fwp%2Fv2%2Ftags&post=62"}],"curies":[{"name":"wp","href":"https:\/\/api.w.org\/{rel}","templated":true}]}}